{"id":920,"date":"2019-12-04T10:29:10","date_gmt":"2019-12-04T09:29:10","guid":{"rendered":"http:\/\/www.dmsvsz.hr\/?p=920"},"modified":"2019-12-04T10:37:20","modified_gmt":"2019-12-04T09:37:20","slug":"najava-medunarodnog-dana-osoba-s-invaliditetom","status":"publish","type":"post","link":"https:\/\/www.dmsvsz.hr\/?p=920","title":{"rendered":"Najava Me\u0111unarodnog dana osoba s invaliditetom"},"content":{"rendered":"\n<p> Drage \u010dlanice i \u010dlanovi Povodom obilje\u017eavanja Me\u0111unarodnog dana osoba s invaliditetom pozivamo Vas na NEUROLO\u0160KU i PSIHOLO\u0160KU radionicu, neurolo\u0161ku radionicu vodit \u0107e specijalist neurologije doktorica Tea Miro\u0161evi\u0107-Zubonja, voditelj psiholo\u0161ke radionice bi\u0107e magistrica psihologije gospo\u0111a Jovana Ba\u010di\u0107 Belji\u0107, radionice \u0107e se odr\u017eati dana 04.12.2019 godine od 17,00 sati u prostorijama DMS VS\u017d u Vukovaru ulica 204 vukovarske brigade broj 89. Nakon radionica organizira se prigodan domjenak. Zamoljavamo \u010dlanove dru\u0161tva koji \u017eele prisustvovati radionicama a nemaju mogu\u0107nosti do\u0107i na isto da se jave dru\u0161tvu radi organizacije prijevoza na telefone 032 303 883 ili 095 303 88 30. Veselimo se Va\u0161em dolasku.<\/p>\n\n\n\n<figure class=\"wp-block-image\"><img fetchpriority=\"high\" decoding=\"async\" width=\"842\" height=\"595\" src=\"http:\/\/www.dmsvsz.hr\/wp-content\/uploads\/2019\/12\/Sponzori-1.jpg\" alt=\"\" class=\"wp-image-927\" srcset=\"https:\/\/www.dmsvsz.hr\/wp-content\/uploads\/2019\/12\/Sponzori-1.jpg 842w, https:\/\/www.dmsvsz.hr\/wp-content\/uploads\/2019\/12\/Sponzori-1-300x212.jpg 300w, https:\/\/www.dmsvsz.hr\/wp-content\/uploads\/2019\/12\/Sponzori-1-768x543.jpg 768w\" sizes=\"(max-width: 842px) 100vw, 842px\" \/><\/figure>\n","protected":false},"excerpt":{"rendered":"<p>Drage \u010dlanice i \u010dlanovi Povodom obilje\u017eavanja Me\u0111unarodnog dana osoba s invaliditetom pozivamo Vas na NEUROLO\u0160KU i PSIHOLO\u0160KU radionicu, neurolo\u0161ku radionicu vodit \u0107e specijalist neurologije doktorica Tea Miro\u0161evi\u0107-Zubonja, voditelj psiholo\u0161ke radionice&#8230;<\/p>\n<div class=\"more-link-wrapper\"><a class=\"more-link\" href=\"https:\/\/www.dmsvsz.hr\/?p=920\">Op\u0161irnije<span class=\"screen-reader-text\">Najava Me\u0111unarodnog dana osoba s invaliditetom<\/span><\/a><\/div>\n","protected":false},"author":1,"featured_media":926,"comment_status":"open","ping_status":"open","sticky":false,"template":"","format":"standard","meta":{"footnotes":""},"categories":[25],"tags":[],"class_list":["post-920","post","type-post","status-publish","format-standard","has-post-thumbnail","hentry","category-novosti-iz-drustva","excerpt"],"_links":{"self":[{"href":"https:\/\/www.dmsvsz.hr\/index.php?rest_route=\/wp\/v2\/posts\/920","targetHints":{"allow":["GET"]}}],"collection":[{"href":"https:\/\/www.dmsvsz.hr\/index.php?rest_route=\/wp\/v2\/posts"}],"about":[{"href":"https:\/\/www.dmsvsz.hr\/index.php?rest_route=\/wp\/v2\/types\/post"}],"author":[{"embeddable":true,"href":"https:\/\/www.dmsvsz.hr\/index.php?rest_route=\/wp\/v2\/users\/1"}],"replies":[{"embeddable":true,"href":"https:\/\/www.dmsvsz.hr\/index.php?rest_route=%2Fwp%2Fv2%2Fcomments&post=920"}],"version-history":[{"count":3,"href":"https:\/\/www.dmsvsz.hr\/index.php?rest_route=\/wp\/v2\/posts\/920\/revisions"}],"predecessor-version":[{"id":928,"href":"https:\/\/www.dmsvsz.hr\/index.php?rest_route=\/wp\/v2\/posts\/920\/revisions\/928"}],"wp:featuredmedia":[{"embeddable":true,"href":"https:\/\/www.dmsvsz.hr\/index.php?rest_route=\/wp\/v2\/media\/926"}],"wp:attachment":[{"href":"https:\/\/www.dmsvsz.hr\/index.php?rest_route=%2Fwp%2Fv2%2Fmedia&parent=920"}],"wp:term":[{"taxonomy":"category","embeddable":true,"href":"https:\/\/www.dmsvsz.hr\/index.php?rest_route=%2Fwp%2Fv2%2Fcategories&post=920"},{"taxonomy":"post_tag","embeddable":true,"href":"https:\/\/www.dmsvsz.hr\/index.php?rest_route=%2Fwp%2Fv2%2Ftags&post=920"}],"curies":[{"name":"wp","href":"https:\/\/api.w.org\/{rel}","templated":true}]}}