{"id":759,"date":"2019-07-18T13:11:14","date_gmt":"2019-07-18T11:11:14","guid":{"rendered":"http:\/\/www.dmsvsz.hr\/?p=759"},"modified":"2019-07-18T13:13:30","modified_gmt":"2019-07-18T11:13:30","slug":"potpisan-ugovor-o-sufinanciranju-projekta-grada-iloka","status":"publish","type":"post","link":"https:\/\/www.dmsvsz.hr\/?p=759","title":{"rendered":"Potpisan ugovor o sufinanciranju projekta grada Iloka"},"content":{"rendered":"<p>Dana 17.07.2019 godine predsjednik Dru\u0161tva multiple skleroze Vukovarsko-srijemske \u017eupanije Zoran Olja\u010da potpisao je Ugovor o sufinanciranju projekta grada Iloka za potrebe dru\u0161tva po \u201eJavnom pozivu za financiranje programa\/projekata udruga gra\u0111ana iz Prora\u010duna Grada Iloka za 2019. godinu\u201c. Zahvaljujemo se gradu Iloku na pru\u017eenoj potpori.<\/p>\n<p><img fetchpriority=\"high\" decoding=\"async\" class=\"wp-image-761 size-full aligncenter\" src=\"http:\/\/www.dmsvsz.hr\/wp-content\/uploads\/2019\/07\/66802264_1177601292424516_8622096178990809088_n.jpg\" alt=\"\" width=\"535\" height=\"720\" srcset=\"https:\/\/www.dmsvsz.hr\/wp-content\/uploads\/2019\/07\/66802264_1177601292424516_8622096178990809088_n.jpg 535w, https:\/\/www.dmsvsz.hr\/wp-content\/uploads\/2019\/07\/66802264_1177601292424516_8622096178990809088_n-223x300.jpg 223w\" sizes=\"(max-width: 535px) 100vw, 535px\" \/><br \/>\n<img decoding=\"async\" class=\"wp-image-762 size-full aligncenter\" src=\"http:\/\/www.dmsvsz.hr\/wp-content\/uploads\/2019\/07\/66896150_1177601295757849_6430325310725554176_n.jpg\" alt=\"\" width=\"535\" height=\"720\" srcset=\"https:\/\/www.dmsvsz.hr\/wp-content\/uploads\/2019\/07\/66896150_1177601295757849_6430325310725554176_n.jpg 535w, https:\/\/www.dmsvsz.hr\/wp-content\/uploads\/2019\/07\/66896150_1177601295757849_6430325310725554176_n-223x300.jpg 223w\" sizes=\"(max-width: 535px) 100vw, 535px\" \/><\/p>\n","protected":false},"excerpt":{"rendered":"<p>Dana 17.07.2019 godine predsjednik Dru\u0161tva multiple skleroze Vukovarsko-srijemske \u017eupanije Zoran Olja\u010da potpisao je Ugovor o sufinanciranju projekta grada Iloka za potrebe dru\u0161tva po \u201eJavnom pozivu za financiranje programa\/projekata udruga gra\u0111ana&#8230;<\/p>\n<div class=\"more-link-wrapper\"><a class=\"more-link\" href=\"https:\/\/www.dmsvsz.hr\/?p=759\">Op\u0161irnije<span class=\"screen-reader-text\">Potpisan ugovor o sufinanciranju projekta grada Iloka<\/span><\/a><\/div>\n","protected":false},"author":1,"featured_media":761,"comment_status":"open","ping_status":"open","sticky":false,"template":"","format":"standard","meta":{"footnotes":""},"categories":[25],"tags":[],"class_list":["post-759","post","type-post","status-publish","format-standard","has-post-thumbnail","hentry","category-novosti-iz-drustva","excerpt"],"_links":{"self":[{"href":"https:\/\/www.dmsvsz.hr\/index.php?rest_route=\/wp\/v2\/posts\/759","targetHints":{"allow":["GET"]}}],"collection":[{"href":"https:\/\/www.dmsvsz.hr\/index.php?rest_route=\/wp\/v2\/posts"}],"about":[{"href":"https:\/\/www.dmsvsz.hr\/index.php?rest_route=\/wp\/v2\/types\/post"}],"author":[{"embeddable":true,"href":"https:\/\/www.dmsvsz.hr\/index.php?rest_route=\/wp\/v2\/users\/1"}],"replies":[{"embeddable":true,"href":"https:\/\/www.dmsvsz.hr\/index.php?rest_route=%2Fwp%2Fv2%2Fcomments&post=759"}],"version-history":[{"count":3,"href":"https:\/\/www.dmsvsz.hr\/index.php?rest_route=\/wp\/v2\/posts\/759\/revisions"}],"predecessor-version":[{"id":764,"href":"https:\/\/www.dmsvsz.hr\/index.php?rest_route=\/wp\/v2\/posts\/759\/revisions\/764"}],"wp:featuredmedia":[{"embeddable":true,"href":"https:\/\/www.dmsvsz.hr\/index.php?rest_route=\/wp\/v2\/media\/761"}],"wp:attachment":[{"href":"https:\/\/www.dmsvsz.hr\/index.php?rest_route=%2Fwp%2Fv2%2Fmedia&parent=759"}],"wp:term":[{"taxonomy":"category","embeddable":true,"href":"https:\/\/www.dmsvsz.hr\/index.php?rest_route=%2Fwp%2Fv2%2Fcategories&post=759"},{"taxonomy":"post_tag","embeddable":true,"href":"https:\/\/www.dmsvsz.hr\/index.php?rest_route=%2Fwp%2Fv2%2Ftags&post=759"}],"curies":[{"name":"wp","href":"https:\/\/api.w.org\/{rel}","templated":true}]}}