{"id":717,"date":"2019-06-19T12:47:03","date_gmt":"2019-06-19T10:47:03","guid":{"rendered":"http:\/\/www.dmsvsz.hr\/?p=717"},"modified":"2019-06-19T12:47:03","modified_gmt":"2019-06-19T10:47:03","slug":"u-vukovaru-obiljezen-svjetski-dan-multiple-skleroze","status":"publish","type":"post","link":"https:\/\/www.dmsvsz.hr\/?p=717","title":{"rendered":"U VUKOVARU OBILJE\u017dEN SVJETSKI DAN MULTIPLE SKLEROZE"},"content":{"rendered":"<p>Svjetski dan multiple skleroze koji se ina\u010de obilje\u017eava 30.svibnja, danas je posebnim programom tradicionalno obilje\u017een i u Vukovaru, u organizaciji Dru\u0161tva multiple skleroze (MS) Vukovarsko-srijemske \u017eupaniji.<\/p>\n<p>Okupilo se oko 150 osoba oboljelih od multiple skleroze iz Hrvatske, Srbije te Bosne i Hercegovine te mnogobrojni gosti, a za koje su radionice odr\u017eale dr. Tea Miro\u0161evi\u0107 Zubonja, spec.neurologije o lijekovima i lije\u010denju multiple skleroze u Hrvatskoj kao i psihologinja Jovana Ba\u010di\u0107 Belji\u0107. Cilj obilje\u017eavanja je ukazati na probleme s kojima se susre\u0107u oboljeli od ove bolesti, isti\u010de Zoran Olja\u010da, predsjednik Dru\u0161tva multiple skleroze u Vukovarsko-srijemskoj \u017eupaniji.<\/p>\n<p>-Multipla skleroza je neizlje\u010divo neurolo\u0161ko oboljenje s progresivnim tijekom, a koji dovodi do trajne i te\u0161ke invalidnosti. Uglavnom oboljevaju mladi ljudi stari od 20 do 40 godina. Cilj ovoga obilje\u017eavanja je stvoriti osje\u0107aj pripadnosti dru\u0161tvu u kojem \u017eivimo, razmijeniti iskustva, upoznati \u010dlanove i oboljele iz raznih krajeva te razmijeniti informacije u cilju ja\u010danja suradnje i boljeg polo\u017eaja u dru\u0161tvu \u2013 istaknuo je Olja\u010da.<\/p>\n<p>Dru\u0161tvo multiple skleroze VS\u017d na podru\u010dju na\u0161e \u017eupanije brine kroz razli\u010dite projekte financirane iz EU fondova o 80-tak \u010dlanova, zapo\u0161ljava gotovo 30 ljudi, a ovih su dana uspjeli nabaviti i vozilo.<\/p>\n<p>-Na\u0161e dru\u0161tvo u Vukovarsko-srijemskoj \u017eupaniji ima 82 \u010dlana iako smatramo da je oboljelih na na\u0161em podru\u010dju duplo vi\u0161e. Bazirani smo i vodimo ra\u010duna o na\u0161im te\u0161ko pokretnim i nepokrentim osobama i osigurali smo im uslugu osobne asistencije, konkretno zaposlili 24 osobna asistenta te dvije gerontodoma\u0107ice, jednu u Vukovaru i jednu u Vinkovcima. Dvoje zaposlenih imamo i na uredskim poslovima. Prije godinu dana smo pokrenuli kampanju Vozilo koje \u017eivot zna\u010di, projekt je prihvatila zaklada Novo sutra tako da smo nabavili posebno prilago\u0111eno kombi vozilo za prijevoz osoba s invaliditetom, koje nam ovoh dana treba biti isporu\u010deno \u2013 rekao je Olja\u010da.<\/p>\n<p>Dru\u0161tvo MS VS\u017d dobrotvorna je udruga osnovana radi unaprije\u0111enja lije\u010denja, istra\u017eivanja, rehabilitacije i za\u0161tite osoba oboljelih od multiple skleroze.- Sjedi\u0161e dru\u0161tva nalazi se u Ulici 204.vukovarske brigade u Vukovaru.<\/p>\n","protected":false},"excerpt":{"rendered":"<p>Svjetski dan multiple skleroze koji se ina\u010de obilje\u017eava 30.svibnja, danas je posebnim programom tradicionalno obilje\u017een i u Vukovaru, u organizaciji Dru\u0161tva multiple skleroze (MS) Vukovarsko-srijemske \u017eupaniji. Okupilo se oko 150&#8230;<\/p>\n<div class=\"more-link-wrapper\"><a class=\"more-link\" href=\"https:\/\/www.dmsvsz.hr\/?p=717\">Op\u0161irnije<span class=\"screen-reader-text\">U VUKOVARU OBILJE\u017dEN SVJETSKI DAN MULTIPLE SKLEROZE<\/span><\/a><\/div>\n","protected":false},"author":1,"featured_media":718,"comment_status":"open","ping_status":"open","sticky":false,"template":"","format":"standard","meta":{"footnotes":""},"categories":[25],"tags":[],"class_list":["post-717","post","type-post","status-publish","format-standard","has-post-thumbnail","hentry","category-novosti-iz-drustva","excerpt"],"_links":{"self":[{"href":"https:\/\/www.dmsvsz.hr\/index.php?rest_route=\/wp\/v2\/posts\/717","targetHints":{"allow":["GET"]}}],"collection":[{"href":"https:\/\/www.dmsvsz.hr\/index.php?rest_route=\/wp\/v2\/posts"}],"about":[{"href":"https:\/\/www.dmsvsz.hr\/index.php?rest_route=\/wp\/v2\/types\/post"}],"author":[{"embeddable":true,"href":"https:\/\/www.dmsvsz.hr\/index.php?rest_route=\/wp\/v2\/users\/1"}],"replies":[{"embeddable":true,"href":"https:\/\/www.dmsvsz.hr\/index.php?rest_route=%2Fwp%2Fv2%2Fcomments&post=717"}],"version-history":[{"count":1,"href":"https:\/\/www.dmsvsz.hr\/index.php?rest_route=\/wp\/v2\/posts\/717\/revisions"}],"predecessor-version":[{"id":719,"href":"https:\/\/www.dmsvsz.hr\/index.php?rest_route=\/wp\/v2\/posts\/717\/revisions\/719"}],"wp:featuredmedia":[{"embeddable":true,"href":"https:\/\/www.dmsvsz.hr\/index.php?rest_route=\/wp\/v2\/media\/718"}],"wp:attachment":[{"href":"https:\/\/www.dmsvsz.hr\/index.php?rest_route=%2Fwp%2Fv2%2Fmedia&parent=717"}],"wp:term":[{"taxonomy":"category","embeddable":true,"href":"https:\/\/www.dmsvsz.hr\/index.php?rest_route=%2Fwp%2Fv2%2Fcategories&post=717"},{"taxonomy":"post_tag","embeddable":true,"href":"https:\/\/www.dmsvsz.hr\/index.php?rest_route=%2Fwp%2Fv2%2Ftags&post=717"}],"curies":[{"name":"wp","href":"https:\/\/api.w.org\/{rel}","templated":true}]}}