{"id":6285,"date":"2025-05-02T12:16:36","date_gmt":"2025-05-02T10:16:36","guid":{"rendered":"https:\/\/www.dmsvsz.hr\/?p=6285"},"modified":"2025-05-02T12:17:20","modified_gmt":"2025-05-02T10:17:20","slug":"posjeta-predstavnika-vukovarsko-srijemske-zupanije","status":"publish","type":"post","link":"https:\/\/www.dmsvsz.hr\/?p=6285","title":{"rendered":"Posjeta predstavnika Vukovarsko-srijemske \u017eupanije"},"content":{"rendered":"\t\t<div data-elementor-type=\"wp-post\" data-elementor-id=\"6285\" class=\"elementor elementor-6285\" data-elementor-post-type=\"post\">\n\t\t\t\t\t\t<section class=\"elementor-section elementor-top-section elementor-element elementor-element-7ee0bb05 elementor-section-boxed elementor-section-height-default elementor-section-height-default\" data-id=\"7ee0bb05\" data-element_type=\"section\" data-e-type=\"section\">\n\t\t\t\t\t\t<div class=\"elementor-container elementor-column-gap-default\">\n\t\t\t\t\t<div class=\"elementor-column elementor-col-100 elementor-top-column elementor-element elementor-element-672375c6\" data-id=\"672375c6\" data-element_type=\"column\" data-e-type=\"column\">\n\t\t\t<div class=\"elementor-widget-wrap elementor-element-populated\">\n\t\t\t\t\t\t<div class=\"elementor-element elementor-element-35ecf6d3 elementor-widget elementor-widget-text-editor\" data-id=\"35ecf6d3\" data-element_type=\"widget\" data-e-type=\"widget\" data-widget_type=\"text-editor.default\">\n\t\t\t\t<div class=\"elementor-widget-container\">\n\t\t\t\t\t\t\t\t\tDanas 02.05.2025. godine Dru\u0161tvo multiple skleroze Vukovarsko-srijemske \u017eupanije su posjetili predstavnici Vukovarsko-srijemske \u017eupanije, zamjenik \u017eupana Sr\u0111an Jeremi\u0107 te pro\u010delnik za zdravstvo i socijalnu skrb Mario Adamovi\u0107. Razgovarali smo o klju\u010dnim izazovima osoba s multiple sklerozom, na\u0161ih \u010dlanova i va\u017enosti podr\u0161ke u zajednici, kao i mogu\u0107nosti zajedni\u010dkog djelovanja na pobolj\u0161anju kvalitete \u017eivota osoba s multiple sklerozom u Vukovarsko-srijemskoj \u017eupaniji. Zahvaljujemo se predstavnicima Vukovarsko-srijemske \u017eupanije na odvojenom vremenu i interesu za na\u0161 rad.\t\t\t\t\t\t\t\t<\/div>\n\t\t\t\t<\/div>\n\t\t\t\t<div class=\"elementor-element elementor-element-3a141c7 elementor-widget elementor-widget-image\" data-id=\"3a141c7\" data-element_type=\"widget\" data-e-type=\"widget\" data-widget_type=\"image.default\">\n\t\t\t\t<div class=\"elementor-widget-container\">\n\t\t\t\t\t\t\t\t\t\t\t\t\t\t\t<img fetchpriority=\"high\" decoding=\"async\" width=\"1024\" height=\"585\" src=\"https:\/\/www.dmsvsz.hr\/wp-content\/uploads\/2025\/05\/c9e41e35-82e3-4bc8-8811-371bc8e394e3-e1746181036574-1024x585.jpg\" class=\"attachment-large size-large wp-image-6288\" alt=\"\" srcset=\"https:\/\/www.dmsvsz.hr\/wp-content\/uploads\/2025\/05\/c9e41e35-82e3-4bc8-8811-371bc8e394e3-e1746181036574-1024x585.jpg 1024w, https:\/\/www.dmsvsz.hr\/wp-content\/uploads\/2025\/05\/c9e41e35-82e3-4bc8-8811-371bc8e394e3-e1746181036574-300x171.jpg 300w, https:\/\/www.dmsvsz.hr\/wp-content\/uploads\/2025\/05\/c9e41e35-82e3-4bc8-8811-371bc8e394e3-e1746181036574-768x439.jpg 768w, https:\/\/www.dmsvsz.hr\/wp-content\/uploads\/2025\/05\/c9e41e35-82e3-4bc8-8811-371bc8e394e3-e1746181036574-1536x878.jpg 1536w, https:\/\/www.dmsvsz.hr\/wp-content\/uploads\/2025\/05\/c9e41e35-82e3-4bc8-8811-371bc8e394e3-e1746181036574.jpg 2048w\" sizes=\"(max-width: 1024px) 100vw, 1024px\" \/>\t\t\t\t\t\t\t\t\t\t\t\t\t\t\t<\/div>\n\t\t\t\t<\/div>\n\t\t\t\t\t<\/div>\n\t\t<\/div>\n\t\t\t\t\t<\/div>\n\t\t<\/section>\n\t\t\t\t<\/div>\n\t\t","protected":false},"excerpt":{"rendered":"<p>Danas 02.05.2025. godine Dru\u0161tvo multiple skleroze Vukovarsko-srijemske \u017eupanije su posjetili predstavnici Vukovarsko-srijemske \u017eupanije, zamjenik \u017eupana Sr\u0111an Jeremi\u0107 te pro\u010delnik za zdravstvo i socijalnu skrb Mario Adamovi\u0107. Razgovarali smo o klju\u010dnim&#8230;<\/p>\n<div class=\"more-link-wrapper\"><a class=\"more-link\" href=\"https:\/\/www.dmsvsz.hr\/?p=6285\">Op\u0161irnije<span class=\"screen-reader-text\">Posjeta predstavnika Vukovarsko-srijemske \u017eupanije<\/span><\/a><\/div>\n","protected":false},"author":1,"featured_media":6286,"comment_status":"closed","ping_status":"closed","sticky":false,"template":"","format":"standard","meta":{"footnotes":""},"categories":[20,25],"tags":[],"class_list":["post-6285","post","type-post","status-publish","format-standard","has-post-thumbnail","hentry","category-novosti","category-novosti-iz-drustva","excerpt"],"_links":{"self":[{"href":"https:\/\/www.dmsvsz.hr\/index.php?rest_route=\/wp\/v2\/posts\/6285","targetHints":{"allow":["GET"]}}],"collection":[{"href":"https:\/\/www.dmsvsz.hr\/index.php?rest_route=\/wp\/v2\/posts"}],"about":[{"href":"https:\/\/www.dmsvsz.hr\/index.php?rest_route=\/wp\/v2\/types\/post"}],"author":[{"embeddable":true,"href":"https:\/\/www.dmsvsz.hr\/index.php?rest_route=\/wp\/v2\/users\/1"}],"replies":[{"embeddable":true,"href":"https:\/\/www.dmsvsz.hr\/index.php?rest_route=%2Fwp%2Fv2%2Fcomments&post=6285"}],"version-history":[{"count":4,"href":"https:\/\/www.dmsvsz.hr\/index.php?rest_route=\/wp\/v2\/posts\/6285\/revisions"}],"predecessor-version":[{"id":6291,"href":"https:\/\/www.dmsvsz.hr\/index.php?rest_route=\/wp\/v2\/posts\/6285\/revisions\/6291"}],"wp:featuredmedia":[{"embeddable":true,"href":"https:\/\/www.dmsvsz.hr\/index.php?rest_route=\/wp\/v2\/media\/6286"}],"wp:attachment":[{"href":"https:\/\/www.dmsvsz.hr\/index.php?rest_route=%2Fwp%2Fv2%2Fmedia&parent=6285"}],"wp:term":[{"taxonomy":"category","embeddable":true,"href":"https:\/\/www.dmsvsz.hr\/index.php?rest_route=%2Fwp%2Fv2%2Fcategories&post=6285"},{"taxonomy":"post_tag","embeddable":true,"href":"https:\/\/www.dmsvsz.hr\/index.php?rest_route=%2Fwp%2Fv2%2Ftags&post=6285"}],"curies":[{"name":"wp","href":"https:\/\/api.w.org\/{rel}","templated":true}]}}