{"id":2572,"date":"2022-09-26T11:52:35","date_gmt":"2022-09-26T09:52:35","guid":{"rendered":"https:\/\/www.dmsvsz.hr\/?p=2572"},"modified":"2022-09-27T11:54:43","modified_gmt":"2022-09-27T09:54:43","slug":"nacionalni-dan-multiple-skleroze-26-09-2022","status":"publish","type":"post","link":"https:\/\/www.dmsvsz.hr\/?p=2572","title":{"rendered":"Nacionalni dan multiple skleroze 26.09.2022."},"content":{"rendered":"\t\t<div data-elementor-type=\"wp-post\" data-elementor-id=\"2572\" class=\"elementor elementor-2572\" data-elementor-post-type=\"post\">\n\t\t\t\t\t\t<section class=\"elementor-section elementor-top-section elementor-element elementor-element-2b424f5f elementor-section-boxed elementor-section-height-default elementor-section-height-default\" data-id=\"2b424f5f\" data-element_type=\"section\" data-e-type=\"section\">\n\t\t\t\t\t\t<div class=\"elementor-container elementor-column-gap-default\">\n\t\t\t\t\t<div class=\"elementor-column elementor-col-100 elementor-top-column elementor-element elementor-element-b49cdb8\" data-id=\"b49cdb8\" data-element_type=\"column\" data-e-type=\"column\">\n\t\t\t<div class=\"elementor-widget-wrap elementor-element-populated\">\n\t\t\t\t\t\t<div class=\"elementor-element elementor-element-7b3668de elementor-widget elementor-widget-text-editor\" data-id=\"7b3668de\" data-element_type=\"widget\" data-e-type=\"widget\" data-widget_type=\"text-editor.default\">\n\t\t\t\t<div class=\"elementor-widget-container\">\n\t\t\t\t\t\t\t\t\t<p>Oboljeli od multiple skleroze u Hrvatskoj obilje\u017eavaju svoj Nacionalni dan 26. rujna. Multipla skleroza naj\u010de\u0161\u0107a je kroni\u010dna upalna demijelinizacijska bolest sredi\u0161njeg \u017eiv\u010danog sustava, ve\u0107inom se pojavljuje u mla\u0111ih osoba izme\u0111u 20. i 50. godine \u017eivota, uzrok bolesti nije poznat, a \u017eene dva puta \u010de\u0161\u0107e obolijevaju od mu\u0161karaca.<br><br>Smatra se da multipla skleroza nastaje kao rezultat me\u0111udjelovanja genskih i \u010dimbenika okoline, odnosno bolest nastaje kod osoba koje imaju nasljednu sklonost za bolest, ali i djelovanjem nekog vanjskog \u010dimbenika.<br><br>Na inicijativu Saveza dru\u0161tava multiple skleroze Hrvatske, Hrvatski Sabor je 17. travnja 2015. godine donio odluku o slu\u017ebenom progla\u0161enju Nacionalnog dana oboljelih od multiple skleroze 26. rujna, \u010dime su oboljeli od MS-a diljem Hrvatske dobili priznanja za njihovo postojanje u zajednici i dru\u0161tvu.<br><br><a href=\"https:\/\/sdmsh.com.hr\/nacionalni-dan-multiple-skleroze-26-09-2020\/\" target=\"_blank\">https:\/\/sdmsh.com.hr\/nacionalni-dan-multiple-skleroze-26-09-2020\/<\/a><br><\/p>\t\t\t\t\t\t\t\t<\/div>\n\t\t\t\t<\/div>\n\t\t\t\t\t<\/div>\n\t\t<\/div>\n\t\t\t\t\t<\/div>\n\t\t<\/section>\n\t\t\t\t<\/div>\n\t\t","protected":false},"excerpt":{"rendered":"<p>Oboljeli od multiple skleroze u Hrvatskoj obilje\u017eavaju svoj Nacionalni dan 26. rujna. Multipla skleroza naj\u010de\u0161\u0107a je kroni\u010dna upalna demijelinizacijska bolest sredi\u0161njeg \u017eiv\u010danog sustava, ve\u0107inom se pojavljuje u mla\u0111ih osoba izme\u0111u&#8230;<\/p>\n<div class=\"more-link-wrapper\"><a class=\"more-link\" href=\"https:\/\/www.dmsvsz.hr\/?p=2572\">Op\u0161irnije<span class=\"screen-reader-text\">Nacionalni dan multiple skleroze 26.09.2022.<\/span><\/a><\/div>\n","protected":false},"author":1,"featured_media":2573,"comment_status":"closed","ping_status":"closed","sticky":false,"template":"","format":"standard","meta":{"footnotes":""},"categories":[20,25],"tags":[],"class_list":["post-2572","post","type-post","status-publish","format-standard","has-post-thumbnail","hentry","category-novosti","category-novosti-iz-drustva","excerpt"],"_links":{"self":[{"href":"https:\/\/www.dmsvsz.hr\/index.php?rest_route=\/wp\/v2\/posts\/2572","targetHints":{"allow":["GET"]}}],"collection":[{"href":"https:\/\/www.dmsvsz.hr\/index.php?rest_route=\/wp\/v2\/posts"}],"about":[{"href":"https:\/\/www.dmsvsz.hr\/index.php?rest_route=\/wp\/v2\/types\/post"}],"author":[{"embeddable":true,"href":"https:\/\/www.dmsvsz.hr\/index.php?rest_route=\/wp\/v2\/users\/1"}],"replies":[{"embeddable":true,"href":"https:\/\/www.dmsvsz.hr\/index.php?rest_route=%2Fwp%2Fv2%2Fcomments&post=2572"}],"version-history":[{"count":8,"href":"https:\/\/www.dmsvsz.hr\/index.php?rest_route=\/wp\/v2\/posts\/2572\/revisions"}],"predecessor-version":[{"id":2581,"href":"https:\/\/www.dmsvsz.hr\/index.php?rest_route=\/wp\/v2\/posts\/2572\/revisions\/2581"}],"wp:featuredmedia":[{"embeddable":true,"href":"https:\/\/www.dmsvsz.hr\/index.php?rest_route=\/wp\/v2\/media\/2573"}],"wp:attachment":[{"href":"https:\/\/www.dmsvsz.hr\/index.php?rest_route=%2Fwp%2Fv2%2Fmedia&parent=2572"}],"wp:term":[{"taxonomy":"category","embeddable":true,"href":"https:\/\/www.dmsvsz.hr\/index.php?rest_route=%2Fwp%2Fv2%2Fcategories&post=2572"},{"taxonomy":"post_tag","embeddable":true,"href":"https:\/\/www.dmsvsz.hr\/index.php?rest_route=%2Fwp%2Fv2%2Ftags&post=2572"}],"curies":[{"name":"wp","href":"https:\/\/api.w.org\/{rel}","templated":true}]}}