{"id":1340,"date":"2020-10-07T13:57:47","date_gmt":"2020-10-07T11:57:47","guid":{"rendered":"https:\/\/www.dmsvsz.hr\/?p=1340"},"modified":"2020-10-07T13:58:18","modified_gmt":"2020-10-07T11:58:18","slug":"gostovanje-na-radio-92fm-povodom-obiljezavanja-nacionalnog-dana-multiple-skleroze-hrvatske","status":"publish","type":"post","link":"https:\/\/www.dmsvsz.hr\/?p=1340","title":{"rendered":"Gostovanje na radio 92fm povodom obilje\u017eavanja Nacionalnog dana multiple skleroze Hrvatske"},"content":{"rendered":"<p>Dru\u0161tvo multiple skleroze Vukovarsko-srijemske \u017eupanije gostovalo je na 3. radio emisiji Radio92fm-a  gdje smo promovirali promotivne aktivnosti projekta Europskog socijalnog fonda \u201cRazvoj usluge osobne asistencije za osobe s invaliditetom \u2013 faza II u Vukovarsko-srijemskoj \u017eupaniji\u201d UP.02.2.2.09.0076 i obilje\u017eavanje Nacionalnog dana multiple skleroze Hrvatske u Vukovaru dana 26.09.2020 godine.<\/p>\n<p>Odr\u017eana je psiholo\u0161ka radionica od strane mag.psihologije prof. Jovane Ba\u010di\u0107-Bjelji\u0107, medicinska radionica od strane mr.sc.Vesna Or\u0161uli\u0107, spec. obiteljske medicine, gastalt psihoterapeut te neurolo\u0161ka radionica od strane dr.med., specijalist neurolog subspec. neuroimunologije KBC Osijek doktorica Tea Miro\u0161evi\u0107-Zubonja.<\/p>\n<p>Nacionalni dan multiple skleroze Hrvatske financira se kroz projekt Europskog socijalnog fonda \u201cRazvoj usluge osobne asistencije za osobe s invaliditetom \u2013 faza II u Vukovarsko-srijemskoj \u017eupaniji\u201d UP.02.2.2.09.0076.<\/p>\n","protected":false},"excerpt":{"rendered":"<p>Dru\u0161tvo multiple skleroze Vukovarsko-srijemske \u017eupanije gostovalo je na 3. radio emisiji Radio92fm-a gdje smo promovirali promotivne aktivnosti projekta Europskog socijalnog fonda \u201cRazvoj usluge osobne asistencije za osobe s invaliditetom \u2013&#8230;<\/p>\n<div class=\"more-link-wrapper\"><a class=\"more-link\" href=\"https:\/\/www.dmsvsz.hr\/?p=1340\">Op\u0161irnije<span class=\"screen-reader-text\">Gostovanje na radio 92fm povodom obilje\u017eavanja Nacionalnog dana multiple skleroze Hrvatske<\/span><\/a><\/div>\n","protected":false},"author":1,"featured_media":771,"comment_status":"open","ping_status":"open","sticky":false,"template":"","format":"standard","meta":{"footnotes":""},"categories":[24],"tags":[],"class_list":["post-1340","post","type-post","status-publish","format-standard","has-post-thumbnail","hentry","category-novosti-projekt","excerpt"],"_links":{"self":[{"href":"https:\/\/www.dmsvsz.hr\/index.php?rest_route=\/wp\/v2\/posts\/1340","targetHints":{"allow":["GET"]}}],"collection":[{"href":"https:\/\/www.dmsvsz.hr\/index.php?rest_route=\/wp\/v2\/posts"}],"about":[{"href":"https:\/\/www.dmsvsz.hr\/index.php?rest_route=\/wp\/v2\/types\/post"}],"author":[{"embeddable":true,"href":"https:\/\/www.dmsvsz.hr\/index.php?rest_route=\/wp\/v2\/users\/1"}],"replies":[{"embeddable":true,"href":"https:\/\/www.dmsvsz.hr\/index.php?rest_route=%2Fwp%2Fv2%2Fcomments&post=1340"}],"version-history":[{"count":2,"href":"https:\/\/www.dmsvsz.hr\/index.php?rest_route=\/wp\/v2\/posts\/1340\/revisions"}],"predecessor-version":[{"id":1342,"href":"https:\/\/www.dmsvsz.hr\/index.php?rest_route=\/wp\/v2\/posts\/1340\/revisions\/1342"}],"wp:featuredmedia":[{"embeddable":true,"href":"https:\/\/www.dmsvsz.hr\/index.php?rest_route=\/wp\/v2\/media\/771"}],"wp:attachment":[{"href":"https:\/\/www.dmsvsz.hr\/index.php?rest_route=%2Fwp%2Fv2%2Fmedia&parent=1340"}],"wp:term":[{"taxonomy":"category","embeddable":true,"href":"https:\/\/www.dmsvsz.hr\/index.php?rest_route=%2Fwp%2Fv2%2Fcategories&post=1340"},{"taxonomy":"post_tag","embeddable":true,"href":"https:\/\/www.dmsvsz.hr\/index.php?rest_route=%2Fwp%2Fv2%2Ftags&post=1340"}],"curies":[{"name":"wp","href":"https:\/\/api.w.org\/{rel}","templated":true}]}}