{"id":1270,"date":"2020-09-23T15:01:30","date_gmt":"2020-09-23T13:01:30","guid":{"rendered":"https:\/\/www.dmsvsz.hr\/?p=1270"},"modified":"2020-09-23T15:02:46","modified_gmt":"2020-09-23T13:02:46","slug":"pozivnica-na-nacionalni-dan-multiple-skleroze-26-09-2020-godine-u-vukovaru","status":"publish","type":"post","link":"https:\/\/www.dmsvsz.hr\/?p=1270","title":{"rendered":"Pozivnica na Nacionalni dan multiple skleroze 26.09.2020. godine u Vukovaru"},"content":{"rendered":"<p>Dru\u0161tvo multiple skleroze Vukovarsko-srijemske \u017eupanije poziva svoje \u010dlanove, suradnike i prijatelje na Nacionalni dan multiple skleroze 26.09.2020. godine. Okupljanje po\u010dinje u 17:00 sati i odr\u017eati \u0107e se na Trpinjskoj cesti 84 (kod tenka) u Vukovaru.<br \/>\n<img fetchpriority=\"high\" decoding=\"async\" src=\"http:\/\/www.dmsvsz.hr\/wp-content\/uploads\/2020\/09\/Pozivnica-za-Nacionalni-dan-multiple-skleroze-2020.jpg\" alt=\"\" width=\"1200\" height=\"1650\" class=\"aligncenter size-full wp-image-1272\" srcset=\"https:\/\/www.dmsvsz.hr\/wp-content\/uploads\/2020\/09\/Pozivnica-za-Nacionalni-dan-multiple-skleroze-2020.jpg 1200w, https:\/\/www.dmsvsz.hr\/wp-content\/uploads\/2020\/09\/Pozivnica-za-Nacionalni-dan-multiple-skleroze-2020-218x300.jpg 218w, https:\/\/www.dmsvsz.hr\/wp-content\/uploads\/2020\/09\/Pozivnica-za-Nacionalni-dan-multiple-skleroze-2020-745x1024.jpg 745w, https:\/\/www.dmsvsz.hr\/wp-content\/uploads\/2020\/09\/Pozivnica-za-Nacionalni-dan-multiple-skleroze-2020-768x1056.jpg 768w, https:\/\/www.dmsvsz.hr\/wp-content\/uploads\/2020\/09\/Pozivnica-za-Nacionalni-dan-multiple-skleroze-2020-1117x1536.jpg 1117w\" sizes=\"(max-width: 1200px) 100vw, 1200px\" \/><\/p>\n","protected":false},"excerpt":{"rendered":"<p>Dru\u0161tvo multiple skleroze Vukovarsko-srijemske \u017eupanije poziva svoje \u010dlanove, suradnike i prijatelje na Nacionalni dan multiple skleroze 26.09.2020. godine. Okupljanje po\u010dinje u 17:00 sati i odr\u017eati \u0107e se na Trpinjskoj cesti&#8230;<\/p>\n<div class=\"more-link-wrapper\"><a class=\"more-link\" href=\"https:\/\/www.dmsvsz.hr\/?p=1270\">Op\u0161irnije<span class=\"screen-reader-text\">Pozivnica na Nacionalni dan multiple skleroze 26.09.2020. godine u Vukovaru<\/span><\/a><\/div>\n","protected":false},"author":1,"featured_media":240,"comment_status":"open","ping_status":"open","sticky":false,"template":"","format":"standard","meta":{"footnotes":""},"categories":[25],"tags":[],"class_list":["post-1270","post","type-post","status-publish","format-standard","has-post-thumbnail","hentry","category-novosti-iz-drustva","excerpt"],"_links":{"self":[{"href":"https:\/\/www.dmsvsz.hr\/index.php?rest_route=\/wp\/v2\/posts\/1270","targetHints":{"allow":["GET"]}}],"collection":[{"href":"https:\/\/www.dmsvsz.hr\/index.php?rest_route=\/wp\/v2\/posts"}],"about":[{"href":"https:\/\/www.dmsvsz.hr\/index.php?rest_route=\/wp\/v2\/types\/post"}],"author":[{"embeddable":true,"href":"https:\/\/www.dmsvsz.hr\/index.php?rest_route=\/wp\/v2\/users\/1"}],"replies":[{"embeddable":true,"href":"https:\/\/www.dmsvsz.hr\/index.php?rest_route=%2Fwp%2Fv2%2Fcomments&post=1270"}],"version-history":[{"count":1,"href":"https:\/\/www.dmsvsz.hr\/index.php?rest_route=\/wp\/v2\/posts\/1270\/revisions"}],"predecessor-version":[{"id":1273,"href":"https:\/\/www.dmsvsz.hr\/index.php?rest_route=\/wp\/v2\/posts\/1270\/revisions\/1273"}],"wp:featuredmedia":[{"embeddable":true,"href":"https:\/\/www.dmsvsz.hr\/index.php?rest_route=\/wp\/v2\/media\/240"}],"wp:attachment":[{"href":"https:\/\/www.dmsvsz.hr\/index.php?rest_route=%2Fwp%2Fv2%2Fmedia&parent=1270"}],"wp:term":[{"taxonomy":"category","embeddable":true,"href":"https:\/\/www.dmsvsz.hr\/index.php?rest_route=%2Fwp%2Fv2%2Fcategories&post=1270"},{"taxonomy":"post_tag","embeddable":true,"href":"https:\/\/www.dmsvsz.hr\/index.php?rest_route=%2Fwp%2Fv2%2Ftags&post=1270"}],"curies":[{"name":"wp","href":"https:\/\/api.w.org\/{rel}","templated":true}]}}